{"id":1475,"date":"2017-03-29T14:21:27","date_gmt":"2017-03-29T13:21:27","guid":{"rendered":"http:\/\/www.omiplace.com\/chuck\/?p=1475"},"modified":"2017-04-18T13:21:40","modified_gmt":"2017-04-18T12:21:40","slug":"les-saintes","status":"publish","type":"post","link":"https:\/\/www.omiplace.com\/chuck\/2017\/03\/29\/les-saintes\/","title":{"rendered":"Les saintes !"},"content":{"rendered":"<p>Les Cara\u00efbes, comment ne pas dire oui ?<br \/>\nApr\u00e8s une parution dans le pli de mon CE proposant des activit\u00e9s nautiques sur les Saintes, je pense que je vais dire oui !<br \/>\nUne semaine sur l&rsquo;\u00eele des saintes, voila le programme, rien que cela.<br \/>\nApr\u00e8s une journ\u00e9e de d\u00e9part un peu complexe, ou les gr\u00e8ves et des probl\u00e8mes techniques sur l&rsquo;avion font que nous allons partir avec une demie-journ\u00e9e de retard.<br \/>\nNous allons arriver de nuit \u00e0 Point-A-Pitre puis nous irons par bus \u00e0 trois rivi\u00e8res et enfin nous prendrons un bateau qui nous conduira sur l&rsquo;\u00eele des Saintes.<\/p>\n<p>Le r\u00e9veil nous d\u00e9couvrons les couleurs, que c&rsquo;est joli. Une petite promenade ne fera que confirmer cette impression. Les activit\u00e9s nautiques qu&rsquo;elles soient sur un catamaran, sur une planche \u00e0 voile, ou sous l&rsquo;eau avec des palmes et un masque r\u00e9v\u00e8lent la beaut\u00e9 de l&rsquo;\u00eele. L&rsquo;humidit\u00e9 associ\u00e9e \u00e0 la temp\u00e9rature et \u00e0 la petite brise font que c&rsquo;est tr\u00e8s agr\u00e9able, la chaleur est toujours pr\u00e9sente, mais n&rsquo;est jamais une nuisance.<\/p>\n<p>Voici les quelques photos.<br \/>\n<img loading=\"lazy\" decoding=\"async\" src=\"http:\/\/www.omiplace.com\/chuck\/wp-content\/uploads\/2017\/03\/20170322_180852-300x39.jpg\" alt=\"20170322_180852\" width=\"300\" height=\"39\" class=\"alignnone size-medium wp-image-1508\" srcset=\"https:\/\/www.omiplace.com\/chuck\/wp-content\/uploads\/2017\/03\/20170322_180852-300x39.jpg 300w, https:\/\/www.omiplace.com\/chuck\/wp-content\/uploads\/2017\/03\/20170322_180852-768x99.jpg 768w, https:\/\/www.omiplace.com\/chuck\/wp-content\/uploads\/2017\/03\/20170322_180852-1024x132.jpg 1024w\" sizes=\"(max-width: 300px) 100vw, 300px\" \/><\/p>\n\n","protected":false},"excerpt":{"rendered":"<p>Les Cara\u00efbes, comment ne pas dire oui ? Apr\u00e8s une parution dans le pli de mon CE proposant des activit\u00e9s nautiques sur les Saintes, je pense que je vais dire oui ! Une semaine&#46;&#46;&#46;<\/p>\n","protected":false},"author":2,"featured_media":0,"comment_status":"closed","ping_status":"open","sticky":false,"template":"","format":"standard","meta":{"footnotes":""},"categories":[1],"tags":[],"class_list":["post-1475","post","type-post","status-publish","format-standard","hentry","category-autres"],"_links":{"self":[{"href":"https:\/\/www.omiplace.com\/chuck\/wp-json\/wp\/v2\/posts\/1475"}],"collection":[{"href":"https:\/\/www.omiplace.com\/chuck\/wp-json\/wp\/v2\/posts"}],"about":[{"href":"https:\/\/www.omiplace.com\/chuck\/wp-json\/wp\/v2\/types\/post"}],"author":[{"embeddable":true,"href":"https:\/\/www.omiplace.com\/chuck\/wp-json\/wp\/v2\/users\/2"}],"replies":[{"embeddable":true,"href":"https:\/\/www.omiplace.com\/chuck\/wp-json\/wp\/v2\/comments?post=1475"}],"version-history":[{"count":9,"href":"https:\/\/www.omiplace.com\/chuck\/wp-json\/wp\/v2\/posts\/1475\/revisions"}],"predecessor-version":[{"id":1536,"href":"https:\/\/www.omiplace.com\/chuck\/wp-json\/wp\/v2\/posts\/1475\/revisions\/1536"}],"wp:attachment":[{"href":"https:\/\/www.omiplace.com\/chuck\/wp-json\/wp\/v2\/media?parent=1475"}],"wp:term":[{"taxonomy":"category","embeddable":true,"href":"https:\/\/www.omiplace.com\/chuck\/wp-json\/wp\/v2\/categories?post=1475"},{"taxonomy":"post_tag","embeddable":true,"href":"https:\/\/www.omiplace.com\/chuck\/wp-json\/wp\/v2\/tags?post=1475"}],"curies":[{"name":"wp","href":"https:\/\/api.w.org\/{rel}","templated":true}]}}