{"id":1728,"date":"2017-07-16T08:19:15","date_gmt":"2017-07-16T07:19:15","guid":{"rendered":"http:\/\/www.omiplace.com\/chuck\/?p=1728"},"modified":"2017-07-16T08:47:13","modified_gmt":"2017-07-16T07:47:13","slug":"chateau-de-la-loire-a-velo-edition-2017","status":"publish","type":"post","link":"https:\/\/www.omiplace.com\/chuck\/2017\/07\/16\/chateau-de-la-loire-a-velo-edition-2017\/","title":{"rendered":"Ch\u00e2teau de la Loire \u00e0 V\u00e9lo, Edition 2017"},"content":{"rendered":"<p>Les ch\u00e2teaux de la Loire, cette ann\u00e9e nous allons en direction de Tours.<\/p>\n<p>La veille au soir pendant que madame se d\u00e9salt\u00e8re avec nos voisins sur la place, je suis dans les pr\u00e9paratifs. Objectif trouver une boucle \u00e0 v\u00e9lo qui passe par certains ch\u00e2teaux, s\u00e9lectionn\u00e9s selon des crit\u00e8res tout \u00e0 fait obscurs.<\/p>\n<p>Le d\u00e9part se fait tard, trop tard \u00e0 mon gout nous devions partir dans le d\u00e9but de matin\u00e9e, mais les sacs prennent plus de temps \u00e0 se faire et puis madame a d\u00e9cid\u00e9 de ranger l&rsquo;appartement, les d\u00e9parts on cela de bien.<\/p>\n<p>Je d\u00e9cide d&#8217;emprunter les petites routes pour nous rendre \u00e0 Tours, mais j&rsquo;ai l&rsquo;impression que je suis loin d&rsquo;\u00eatre le seul \u00e0 avoir pris cette option. R\u00e9sultat nous sommes compl\u00e8tement bloqu\u00e9 dans des bouchons et la chaleur nous cuit.<\/p>\n<p>Nous arrivons en d\u00e9but d&rsquo;apr\u00e8s midi dans une petit ville situ\u00e9 en face d&rsquo;Amboise, nous sommes \u00e0 Nazelles Negron. Les v\u00e9los sont pr\u00eats, je confectionne un syst\u00e8me d&rsquo;attache pour ma petite enceinte et nous prenons le d\u00e9part pour Chaumont sur Loire.<\/p>\n<p>La route que nous prenons serpente le long de la Loire et nous sommes port\u00e9s par un petit vent qui avec la bossa nova nous plonge dans un \u00e9tat tout \u00e0 fait agr\u00e9able. Arriv\u00e9 au Ch\u00e2teau il faut passer le contr\u00f4le et la vue d&rsquo;un tournevis est un probl\u00e8me majeur qu&rsquo;il faut traiter en cachant mes affaires dans un casier. Je suis plus que rassur\u00e9 ma s\u00e9curit\u00e9 est assur\u00e9e par du personnel z\u00e9l\u00e9 qui sait appliquer les r\u00e8gles avec toute la finesse que la fonction impose. Douce France.<\/p>\n<p>Le ch\u00e2teau est beau le parc est beau la vue est magnifique, c&rsquo;est une endroit \u00e0 vivre. Je comprend pourquoi toutes ces \u00e9minences ont pris les bords de Loire comme lieu de vill\u00e9giature.<\/p>\n<p>Le soleil tombe et nous regagnons Amboise par la piste cyclable qui nous fait emprunter de biens belles c\u00f4tes. Au passage nous nous arr\u00eatons \u00e0 un petit concert organis\u00e9 et nous profitons d&rsquo;un vert de ros\u00e9 offert par les organisateurs. Tout cela est fort agr\u00e9able. <\/p>\n<p>Je cherche ou nous allons allez pouvoir diner en sachant que trouver un restaurant la 13 juillet \u00e0 20h pass\u00e9e c&rsquo;est pas facile, alors il ne faut pas \u00eatre trop difficile, madame fait la fine bouche mais finalement est contente, je pense que dans deux ans la version sera devenu, \u00ab\u00a0j&rsquo;ai trouv\u00e9 un petit restaurant charmant sur les bords de la Loire \u00e0 quelques pas du centre d&rsquo;Amboise\u00a0\u00bb.<\/p>\n<p>Le diner prit nous allons avec les Amboisiens sur le pont admirer le feu d&rsquo;artifice. Ensuite direction le camping la tente et le dodo.<\/p>\n<p>La suite ? Une journ\u00e9e qui commence tranquillement dans le centre d&rsquo;Amboise et puis la c&rsquo;est le drame. Pour regagner la ville de Azay le rideau je me trompe de route et je ne sais plus trop ou aller, Madame qui dormait se r\u00e9veille et imm\u00e9diatement pense \u00e0 prendre les choses en main pour que nous puissions nous remettre sur le bon chemin. Enfin c&rsquo;est ce qui aurait du se passer, un mot de trop de ma part sans doute puis je lui laisse le volant et ensuite je n&rsquo;aurais de cesse que de l&rsquo;entendre marmonner. Elle transformera cette petite chose en une montagne, la suite ? Nous dinons, milles reproches plus tard, je prends seul la d\u00e9cision de rentre \u00e0 Paris, c&rsquo;est la bonne d\u00e9cision.<\/p>\n","protected":false},"excerpt":{"rendered":"<p>Les ch\u00e2teaux de la Loire, cette ann\u00e9e nous allons en direction de Tours. La veille au soir pendant que madame se d\u00e9salt\u00e8re avec nos voisins sur la place, je suis dans les pr\u00e9paratifs. Objectif&#46;&#46;&#46;<\/p>\n","protected":false},"author":2,"featured_media":1731,"comment_status":"closed","ping_status":"open","sticky":false,"template":"","format":"standard","meta":{"footnotes":""},"categories":[1],"tags":[],"class_list":["post-1728","post","type-post","status-publish","format-standard","has-post-thumbnail","hentry","category-autres"],"_links":{"self":[{"href":"https:\/\/www.omiplace.com\/chuck\/wp-json\/wp\/v2\/posts\/1728"}],"collection":[{"href":"https:\/\/www.omiplace.com\/chuck\/wp-json\/wp\/v2\/posts"}],"about":[{"href":"https:\/\/www.omiplace.com\/chuck\/wp-json\/wp\/v2\/types\/post"}],"author":[{"embeddable":true,"href":"https:\/\/www.omiplace.com\/chuck\/wp-json\/wp\/v2\/users\/2"}],"replies":[{"embeddable":true,"href":"https:\/\/www.omiplace.com\/chuck\/wp-json\/wp\/v2\/comments?post=1728"}],"version-history":[{"count":4,"href":"https:\/\/www.omiplace.com\/chuck\/wp-json\/wp\/v2\/posts\/1728\/revisions"}],"predecessor-version":[{"id":1736,"href":"https:\/\/www.omiplace.com\/chuck\/wp-json\/wp\/v2\/posts\/1728\/revisions\/1736"}],"wp:featuredmedia":[{"embeddable":true,"href":"https:\/\/www.omiplace.com\/chuck\/wp-json\/wp\/v2\/media\/1731"}],"wp:attachment":[{"href":"https:\/\/www.omiplace.com\/chuck\/wp-json\/wp\/v2\/media?parent=1728"}],"wp:term":[{"taxonomy":"category","embeddable":true,"href":"https:\/\/www.omiplace.com\/chuck\/wp-json\/wp\/v2\/categories?post=1728"},{"taxonomy":"post_tag","embeddable":true,"href":"https:\/\/www.omiplace.com\/chuck\/wp-json\/wp\/v2\/tags?post=1728"}],"curies":[{"name":"wp","href":"https:\/\/api.w.org\/{rel}","templated":true}]}}