{"id":2110,"date":"2018-11-05T23:17:46","date_gmt":"2018-11-05T22:17:46","guid":{"rendered":"http:\/\/www.omiplace.com\/chuck\/?p=2110"},"modified":"2019-01-07T21:11:00","modified_gmt":"2019-01-07T20:11:00","slug":"framboisier","status":"publish","type":"post","link":"https:\/\/www.omiplace.com\/chuck\/2018\/11\/05\/framboisier\/","title":{"rendered":"Framboisier"},"content":{"rendered":"<p><a href=\"http:\/\/www.omiplace.com\/chuck\/2018\/11\/05\/framboisier\/framboisier_ligne\/\" rel=\"attachment wp-att-2166\"><img loading=\"lazy\" decoding=\"async\" class=\"alignleft size-medium wp-image-2166\" src=\"http:\/\/www.omiplace.com\/chuck\/wp-content\/uploads\/2018\/11\/Framboisier_Ligne-300x243.jpg\" alt=\"\" width=\"300\" height=\"243\" srcset=\"https:\/\/www.omiplace.com\/chuck\/wp-content\/uploads\/2018\/11\/Framboisier_Ligne-300x243.jpg 300w, https:\/\/www.omiplace.com\/chuck\/wp-content\/uploads\/2018\/11\/Framboisier_Ligne-768x623.jpg 768w, https:\/\/www.omiplace.com\/chuck\/wp-content\/uploads\/2018\/11\/Framboisier_Ligne.jpg 800w\" sizes=\"(max-width: 300px) 100vw, 300px\" \/><\/a>10 pieds align\u00e9s de un m\u00e8tre, paill\u00e9s.<br \/>Faible grattage sous les pieds.<br \/>Un paillage assez faible finalement qui laisse sans doute passer la lumi\u00e8re.<\/p>\n<p>\u00a0<\/p>\n<p>\u00a0<\/p>\n<p><a href=\"http:\/\/www.omiplace.com\/chuck\/2018\/11\/05\/framboisier\/framboisier_jardin\/\" rel=\"attachment wp-att-2167\"><img loading=\"lazy\" decoding=\"async\" class=\"alignleft size-medium wp-image-2167\" src=\"http:\/\/www.omiplace.com\/chuck\/wp-content\/uploads\/2018\/11\/Framboisier_Jardin-300x214.jpg\" alt=\"\" width=\"300\" height=\"214\" srcset=\"https:\/\/www.omiplace.com\/chuck\/wp-content\/uploads\/2018\/11\/Framboisier_Jardin-300x214.jpg 300w, https:\/\/www.omiplace.com\/chuck\/wp-content\/uploads\/2018\/11\/Framboisier_Jardin-768x548.jpg 768w, https:\/\/www.omiplace.com\/chuck\/wp-content\/uploads\/2018\/11\/Framboisier_Jardin.jpg 800w\" sizes=\"(max-width: 300px) 100vw, 300px\" \/><\/a>Les framboisiers situ\u00e9s pr\u00e9s des cabanes \u00e0 lapins ont \u00e9t\u00e9 un peu nettoy\u00e9s.<br \/>Le lierre s&rsquo;installe sur le mur.<\/p>\n\n\n<p><\/p>\n","protected":false},"excerpt":{"rendered":"<p>10 pieds align\u00e9s de un m\u00e8tre, paill\u00e9s.Faible grattage sous les pieds.Un paillage assez faible finalement qui laisse sans doute passer la lumi\u00e8re. \u00a0 \u00a0 Les framboisiers situ\u00e9s pr\u00e9s des cabanes \u00e0 lapins ont \u00e9t\u00e9&#46;&#46;&#46;<\/p>\n","protected":false},"author":2,"featured_media":0,"comment_status":"closed","ping_status":"open","sticky":false,"template":"","format":"standard","meta":{"footnotes":""},"categories":[18],"tags":[],"class_list":["post-2110","post","type-post","status-publish","format-standard","hentry","category-jardin"],"_links":{"self":[{"href":"https:\/\/www.omiplace.com\/chuck\/wp-json\/wp\/v2\/posts\/2110"}],"collection":[{"href":"https:\/\/www.omiplace.com\/chuck\/wp-json\/wp\/v2\/posts"}],"about":[{"href":"https:\/\/www.omiplace.com\/chuck\/wp-json\/wp\/v2\/types\/post"}],"author":[{"embeddable":true,"href":"https:\/\/www.omiplace.com\/chuck\/wp-json\/wp\/v2\/users\/2"}],"replies":[{"embeddable":true,"href":"https:\/\/www.omiplace.com\/chuck\/wp-json\/wp\/v2\/comments?post=2110"}],"version-history":[{"count":2,"href":"https:\/\/www.omiplace.com\/chuck\/wp-json\/wp\/v2\/posts\/2110\/revisions"}],"predecessor-version":[{"id":2168,"href":"https:\/\/www.omiplace.com\/chuck\/wp-json\/wp\/v2\/posts\/2110\/revisions\/2168"}],"wp:attachment":[{"href":"https:\/\/www.omiplace.com\/chuck\/wp-json\/wp\/v2\/media?parent=2110"}],"wp:term":[{"taxonomy":"category","embeddable":true,"href":"https:\/\/www.omiplace.com\/chuck\/wp-json\/wp\/v2\/categories?post=2110"},{"taxonomy":"post_tag","embeddable":true,"href":"https:\/\/www.omiplace.com\/chuck\/wp-json\/wp\/v2\/tags?post=2110"}],"curies":[{"name":"wp","href":"https:\/\/api.w.org\/{rel}","templated":true}]}}