{"id":2550,"date":"2020-01-26T11:41:27","date_gmt":"2020-01-26T10:41:27","guid":{"rendered":"http:\/\/www.omiplace.com\/chuck\/?p=2550"},"modified":"2020-02-23T14:00:07","modified_gmt":"2020-02-23T13:00:07","slug":"cinq-lecons-sur-la-psychanalyse-sigmund-freud","status":"publish","type":"post","link":"https:\/\/www.omiplace.com\/chuck\/2020\/01\/26\/cinq-lecons-sur-la-psychanalyse-sigmund-freud\/","title":{"rendered":"Cinq lecons sur la psychanalyse &#8211; Sigmund Freud"},"content":{"rendered":"\n<p>Discours de Freud effectu\u00e9 aux \u00e9tats-unis en 1909.<\/p>\n\n\n\n<p>Freud est un \u00e9l\u00e8ve du docteur Breuer.<\/p>\n\n\n\n<p>La premi\u00e8re le\u00e7on met en lumi\u00e8re un lien entre un \u00e9v\u00e9nement pass\u00e9 et un trouble pr\u00e9sent.<\/p>\n\n\n\n<p>Une des choses qui me marque est d&rsquo;\u00eatre dans un monde de construction mentale ou les sch\u00e9mas ne sont pas conscient pas visible, <\/p>\n\n\n\n<p>Le vivant c&rsquo;est le sympt\u00f4me le vivant c&rsquo;est ce qui r\u00e9siste<\/p>\n\n\n\n<p>Origine de la psychanalyse<\/p>\n\n\n\n<p>La premi\u00e8re le\u00e7on introduit la jeune fille qui ne boit plus et mange tr\u00e8s peu, une exp\u00e9rience pass\u00e9e qui vient influer sur le pr\u00e9sent. La diff\u00e9rence entre le souvenir et ce qui modifie le sch\u00e9ma. La fixation du pass\u00e9 d\u00e9passe le pr\u00e9sent. La ou il y&rsquo;a un symptome il y&rsquo;a aussi une amn\u00e9sie, un vide qui combl\u00e9 traite le sympt\u00f4me.<\/p>\n\n\n\n<p>Le deuxi\u00e8me le\u00e7on est centr\u00e9 sur l\u2019hyst\u00e9rie. Il est abord\u00e9 la mani\u00e8re de faire par la parole ressortir les souvenirs. Dans cette deuxi\u00e8me le\u00e7on, l&rsquo;hyst\u00e9rie est une maladie ou les traitements et la mani\u00e8re de l&rsquo;aborder sont en but\u00e9. Freud par le principe de r\u00e9sistance. Une id\u00e9e cl\u00e9 est le principe du refoulement avec comme m\u00e9canisme, \u00ab\u00a0la pens\u00e9e refoul\u00e9, un souhait insuportable, alt\u00e8re le sch\u00e9ma est cr\u00e9 le sympt\u00f4me\u00a0\u00bb.<\/p>\n\n\n\n<p><br><\/p>\n","protected":false},"excerpt":{"rendered":"<p>Discours de Freud effectu\u00e9 aux \u00e9tats-unis en 1909. Freud est un \u00e9l\u00e8ve du docteur Breuer. La premi\u00e8re le\u00e7on met en lumi\u00e8re un lien entre un \u00e9v\u00e9nement pass\u00e9 et un trouble pr\u00e9sent. Une des choses&#46;&#46;&#46;<\/p>\n","protected":false},"author":2,"featured_media":2563,"comment_status":"closed","ping_status":"open","sticky":false,"template":"","format":"standard","meta":{"footnotes":""},"categories":[6],"tags":[],"class_list":["post-2550","post","type-post","status-publish","format-standard","has-post-thumbnail","hentry","category-livres"],"_links":{"self":[{"href":"https:\/\/www.omiplace.com\/chuck\/wp-json\/wp\/v2\/posts\/2550"}],"collection":[{"href":"https:\/\/www.omiplace.com\/chuck\/wp-json\/wp\/v2\/posts"}],"about":[{"href":"https:\/\/www.omiplace.com\/chuck\/wp-json\/wp\/v2\/types\/post"}],"author":[{"embeddable":true,"href":"https:\/\/www.omiplace.com\/chuck\/wp-json\/wp\/v2\/users\/2"}],"replies":[{"embeddable":true,"href":"https:\/\/www.omiplace.com\/chuck\/wp-json\/wp\/v2\/comments?post=2550"}],"version-history":[{"count":1,"href":"https:\/\/www.omiplace.com\/chuck\/wp-json\/wp\/v2\/posts\/2550\/revisions"}],"predecessor-version":[{"id":2551,"href":"https:\/\/www.omiplace.com\/chuck\/wp-json\/wp\/v2\/posts\/2550\/revisions\/2551"}],"wp:featuredmedia":[{"embeddable":true,"href":"https:\/\/www.omiplace.com\/chuck\/wp-json\/wp\/v2\/media\/2563"}],"wp:attachment":[{"href":"https:\/\/www.omiplace.com\/chuck\/wp-json\/wp\/v2\/media?parent=2550"}],"wp:term":[{"taxonomy":"category","embeddable":true,"href":"https:\/\/www.omiplace.com\/chuck\/wp-json\/wp\/v2\/categories?post=2550"},{"taxonomy":"post_tag","embeddable":true,"href":"https:\/\/www.omiplace.com\/chuck\/wp-json\/wp\/v2\/tags?post=2550"}],"curies":[{"name":"wp","href":"https:\/\/api.w.org\/{rel}","templated":true}]}}