{"id":2648,"date":"2020-12-29T23:48:25","date_gmt":"2020-12-29T22:48:25","guid":{"rendered":"http:\/\/www.omiplace.com\/chuck\/?p=2648"},"modified":"2020-12-31T09:34:45","modified_gmt":"2020-12-31T08:34:45","slug":"promenade-a-epinal-vosges","status":"publish","type":"post","link":"https:\/\/www.omiplace.com\/chuck\/2020\/12\/29\/promenade-a-epinal-vosges\/","title":{"rendered":"Promenade \u00e0 Epinal \/ Vosges"},"content":{"rendered":"\n<p>Trois journ\u00e9es pass\u00e9es dans les Vosges \u00e0 se promener.<\/p>\n\n\n\n<p>Au final nous allons faire trois journ\u00e9es de promenade sous la neige, des belles lumi\u00e8res. Une atmosph\u00e8re qui se d\u00e9gage de la for\u00eat qui commence son processus d&rsquo;hibernation.<\/p>\n\n\n\n<p>Arriv\u00e9 le soir nous avons r\u00e9sid\u00e9 dans l&rsquo;\u00e9tablissement La halt\u00e9, situ\u00e9 \u00e0 Jeuxey.<\/p>\n\n\n\n<p>Le lendemain matin nous partons apr\u00e8s notre petit d\u00e9jeuner en promenade.<\/p>\n\n\n\n<h3 class=\"wp-block-heading\">Jour 1<\/h3>\n\n\n\n<p>Direction Gerardmer et nous allons faire cette jolie boucle, celle des Trois lacs vosgiens \u00e0 partir de Lispach.<\/p>\n\n\n\n<figure class=\"wp-block-image size-large\"><img loading=\"lazy\" decoding=\"async\" width=\"1192\" height=\"830\" src=\"http:\/\/www.omiplace.com\/chuck\/wp-content\/uploads\/2020\/12\/TroisLacsVosgiens_Lispach.png\" alt=\"\" class=\"wp-image-2649\" srcset=\"https:\/\/www.omiplace.com\/chuck\/wp-content\/uploads\/2020\/12\/TroisLacsVosgiens_Lispach.png 1192w, https:\/\/www.omiplace.com\/chuck\/wp-content\/uploads\/2020\/12\/TroisLacsVosgiens_Lispach-300x209.png 300w, https:\/\/www.omiplace.com\/chuck\/wp-content\/uploads\/2020\/12\/TroisLacsVosgiens_Lispach-768x535.png 768w\" sizes=\"(max-width: 1192px) 100vw, 1192px\" \/><\/figure>\n\n\n\n<p>Le lien vers le site de visio ranodo: https:\/\/www.visorando.com\/randonnee-3-lacs-vosgiens-a-partir-de-lispach\/carte-diagramme.html<\/p>\n\n\n\n<h3 class=\"wp-block-heading\">Jour 2<\/h3>\n\n\n\n<p>H\u00e9 bien la c&rsquo;est la neige qui tombe et les parapluies qui sont de sortie.<\/p>\n\n\n\n<p>La boucle n&rsquo;est pas faite en entier c&rsquo;est arriv\u00e9 \u00e0 Haut Roc que je d\u00e9cide de couper et rejoindre la route. Au final la promenade est superbe, la neige sur le branches, les quelques oiseux qui sont si visibles lorsqu\u2019ils se d\u00e9placent.<\/p>\n\n\n\n<figure class=\"wp-block-image size-large\"><img loading=\"lazy\" decoding=\"async\" width=\"1068\" height=\"738\" src=\"http:\/\/www.omiplace.com\/chuck\/wp-content\/uploads\/2020\/12\/CircuitPiquantePierreColCroixdesMoinatsHautduRoc.png\" alt=\"\" class=\"wp-image-2650\" srcset=\"https:\/\/www.omiplace.com\/chuck\/wp-content\/uploads\/2020\/12\/CircuitPiquantePierreColCroixdesMoinatsHautduRoc.png 1068w, https:\/\/www.omiplace.com\/chuck\/wp-content\/uploads\/2020\/12\/CircuitPiquantePierreColCroixdesMoinatsHautduRoc-300x207.png 300w, https:\/\/www.omiplace.com\/chuck\/wp-content\/uploads\/2020\/12\/CircuitPiquantePierreColCroixdesMoinatsHautduRoc-768x531.png 768w\" sizes=\"(max-width: 1068px) 100vw, 1068px\" \/><\/figure>\n\n\n\n<p><\/p>\n\n\n\n<p>Le site de visio rando: https:\/\/www.visorando.com\/randonnee-circuit-piquante-pierre-col-de-la-croix-\/carte-diagramme.html<\/p>\n\n\n\n<h3 class=\"wp-block-heading\">Jour 3<\/h3>\n\n\n\n<p>La c&rsquo;est le dernier jour il faut rentrer mais avant allons faire une petite promenade dans les bois. Le choix se porte sur des hauteurs plus modeste et malgr\u00e9 cela nous aurons des belles hauteurs de neige.<\/p>\n\n\n\n<figure class=\"wp-block-image size-large\"><img loading=\"lazy\" decoding=\"async\" width=\"1055\" height=\"735\" src=\"http:\/\/www.omiplace.com\/chuck\/wp-content\/uploads\/2020\/12\/LesRochesMortevieilleDepuisLeColdeCheneau.png\" alt=\"\" class=\"wp-image-2651\" srcset=\"https:\/\/www.omiplace.com\/chuck\/wp-content\/uploads\/2020\/12\/LesRochesMortevieilleDepuisLeColdeCheneau.png 1055w, https:\/\/www.omiplace.com\/chuck\/wp-content\/uploads\/2020\/12\/LesRochesMortevieilleDepuisLeColdeCheneau-300x209.png 300w, https:\/\/www.omiplace.com\/chuck\/wp-content\/uploads\/2020\/12\/LesRochesMortevieilleDepuisLeColdeCheneau-768x535.png 768w\" sizes=\"(max-width: 1055px) 100vw, 1055px\" \/><\/figure>\n\n\n\n<p>Le site de visiorando: <a href=\"https:\/\/www.visorando.com\/randonnee-les-roches-de-mortevieille-depuis-le-col\/carte-diagramme.html\">https:\/\/www.visorando.com\/randonnee-circuit-piquante-pierre-col-de-la-croix-\/carte-diagramme.html<\/a><\/p>\n","protected":false},"excerpt":{"rendered":"<p>Trois journ\u00e9es pass\u00e9es dans les Vosges \u00e0 se promener. Au final nous allons faire trois journ\u00e9es de promenade sous la neige, des belles lumi\u00e8res. Une atmosph\u00e8re qui se d\u00e9gage de la for\u00eat qui commence&#46;&#46;&#46;<\/p>\n","protected":false},"author":2,"featured_media":0,"comment_status":"closed","ping_status":"open","sticky":false,"template":"","format":"standard","meta":{"footnotes":""},"categories":[1],"tags":[],"class_list":["post-2648","post","type-post","status-publish","format-standard","hentry","category-autres"],"_links":{"self":[{"href":"https:\/\/www.omiplace.com\/chuck\/wp-json\/wp\/v2\/posts\/2648"}],"collection":[{"href":"https:\/\/www.omiplace.com\/chuck\/wp-json\/wp\/v2\/posts"}],"about":[{"href":"https:\/\/www.omiplace.com\/chuck\/wp-json\/wp\/v2\/types\/post"}],"author":[{"embeddable":true,"href":"https:\/\/www.omiplace.com\/chuck\/wp-json\/wp\/v2\/users\/2"}],"replies":[{"embeddable":true,"href":"https:\/\/www.omiplace.com\/chuck\/wp-json\/wp\/v2\/comments?post=2648"}],"version-history":[{"count":3,"href":"https:\/\/www.omiplace.com\/chuck\/wp-json\/wp\/v2\/posts\/2648\/revisions"}],"predecessor-version":[{"id":2654,"href":"https:\/\/www.omiplace.com\/chuck\/wp-json\/wp\/v2\/posts\/2648\/revisions\/2654"}],"wp:attachment":[{"href":"https:\/\/www.omiplace.com\/chuck\/wp-json\/wp\/v2\/media?parent=2648"}],"wp:term":[{"taxonomy":"category","embeddable":true,"href":"https:\/\/www.omiplace.com\/chuck\/wp-json\/wp\/v2\/categories?post=2648"},{"taxonomy":"post_tag","embeddable":true,"href":"https:\/\/www.omiplace.com\/chuck\/wp-json\/wp\/v2\/tags?post=2648"}],"curies":[{"name":"wp","href":"https:\/\/api.w.org\/{rel}","templated":true}]}}