{"id":2832,"date":"2024-05-21T09:57:22","date_gmt":"2024-05-21T08:57:22","guid":{"rendered":"http:\/\/www.omiplace.com\/chuck\/?p=2832"},"modified":"2024-05-21T09:57:22","modified_gmt":"2024-05-21T08:57:22","slug":"voyages-dans-la-belle-france-des-montagnes","status":"publish","type":"post","link":"https:\/\/www.omiplace.com\/chuck\/2024\/05\/21\/voyages-dans-la-belle-france-des-montagnes\/","title":{"rendered":"Voyages dans la belle France des montagnes"},"content":{"rendered":"<p>Bilan du s\u00e9jour \u2013 Les Vosges \/ Briancon<br \/>\nLes Vosges<br \/>\n<strong>J1 \u2013 d\u00e9part le matin de Paris et direction Epinal nuit de repos au Lac<\/strong><br \/>\nNous sommes lundi, je prends la route sous une m\u00e9t\u00e9o \u00e9pouvantable, je savais que en allant dans l\u2019Est, il \u00e9tait assez peu probable de disposer d\u2019un grand soleil. Mes croyances se sont r\u00e9v\u00e9l\u00e9es exactes. Dans la journ\u00e9e je vais aller me promener sur les chemins autour de Lepuix et surtout faire un rep\u00e9rage pour choisir le lieu o\u00f9 je vais aller me reposer, ce toujours avec cette m\u00e9t\u00e9o tr\u00e8s capricieuse.<br \/>\n<strong>J2 \u2013 R\u00e9veil aux aurores promenade et direction les cr\u00eates de Spitzkoepfe repos dans une clairi\u00e8re<\/strong><br \/>\nLe r\u00e9veil et le lieu de repos m\u2019oblige \u00e0 partir t\u00f4t, un peu avant la lev\u00e9e du jour. Le sol est tremp\u00e9 et la voiture est stationn\u00e9e sur le bord du lac. Cela fait que pour partir c\u2019est assez tendu en ce sens o\u00f9 je vais \u00eatre \u00e0 deux doigts de rest\u00e9 bloqu\u00e9. Pour faire toute la man\u0153uvre j\u2019avais bien pr\u00e9par\u00e9 la trajectoire et tent\u00e9 de combler les quelques trous. Ensuite promenade sur les ballons d\u2019Alsace, avec des petits chamois qui broutent l\u2019herbe, ce seul car il n\u2019est que sept heure du matin. Je fonce ensuite et je vais suivre le chemin pour d\u00e9couvrir les cr\u00eates et voir comment je peux s\u00e9curiser tout cela. La fin de journ\u00e9e est consacr\u00e9e \u00e0 rechercher un peu de nourriture et un lieu de repos. C\u2019est de mani\u00e8re un peu inesp\u00e9r\u00e9e que je vais en fin de journ\u00e9e atterrir sur cet espace de camping ou je suis \u00e0 nouveau seul. Je m\u2019installe et la pluie arrive subitement. Je me lave tranquillement dans la rivi\u00e8re avec de l\u2019eau fraiche et je vais ensuite dormir d\u2019un sommeil profond, je suis \u00e9puis\u00e9.<br \/>\n<strong>J3 \u2013 Promenade sur autour du col, d\u00e9couverte de Martinswad et initiation de la miss sur le site d\u2019initiation du M\u00e9nil<\/strong><br \/>\nA nouveau et cela semble devenir une habitude je me l\u00e8ve tr\u00e8s t\u00f4t et je suis vraiment repos\u00e9. En rangeant la tente je d\u00e9couvre que j\u2019ai une chance folle car un des arceaux de la tente se casse et cela vient d\u00e9chirer la toile. Donc une grosse r\u00e9paration s\u2019impose si je souhaite un jour utiliser \u00e0 nouveau cette tente. Je vais au col de la Schlucht et me prom\u00e8ne pour attendre un peu avant d\u2019aller chercher la miss \u00e0 la gare. Pendant cette courte promenade faite en basquets avec des bastons de marche, je d\u00e9couvre Martinswad, un beau rocher sur lequel il y\u2019a un paquet de voies d\u2019escalade. Dans l\u2019apr\u00e8s-midi direction le M\u00e9nil pour une initiation et ensuite petite gal\u00e8re pour trouver \u00e0 manger, nous changerons nos plans pour finir dans un bar boire quelques bi\u00e8res et ensuite regagner l\u2019h\u00f4tel.<br \/>\n<strong>J4- Jeudi- Course sur l\u2019arr\u00eate Spitzkoepfe<\/strong><br \/>\n\u00c7a y\u2019est c\u2019est le grand jour et nous allons faire les cr\u00eates, la marche d\u2019approche se fait sans histoire et pour cause, j\u2019ai encore le chemin dans les jambes. Nous allons tous les deux encha\u00eener les gendarmes qui jalonnent les cr\u00eates et faire tout ce parcours demande \u00e0 la miss beaucoup d\u2019\u00e9nergie. La m\u00e9t\u00e9o n\u2019est pas cl\u00e9mente et nous allons avoir un vent fort et froid pendant tout le parcours avec quelques trou\u00e9es ou nous pouvons voir le soleil passer \u00e0 travers les nuages bas et peu \u00e9pais. Nous passons la soir\u00e9e \u00e0 l\u2019h\u00f4tel ou nous partageons un tr\u00e8s bon repas et nous passons un moment vraiment agr\u00e9able.<br \/>\n<strong>J5 \u2013Vendredi- Grande boucle \u00e0 pied<\/strong><br \/>\nLa partie escalade est pass\u00e9e et maintenant une grande boucle faite \u00e0 pied. 20K et 1000D+ voil\u00e0 les deux chiffres. Je vais me prendre sur les jambes un tr\u00e8s beau coup de soleil lorsque j\u2019ai eu la bonne id\u00e9e de faire une sieste au soleil. Cette promenade est vraiment agr\u00e9able et marcher avec des chaussures l\u00e9g\u00e8res est vraiment une chose agr\u00e9able. Le soir nous allons nous faire un diner dans un restaurant simple, ce en comparaison de notre repas de la veille.<br \/>\n<strong>J6-Samedi- Petite boucle et retour sur paris<\/strong><br \/>\nCette fois il fait beau, le soleil est install\u00e9 et nous profitons de cela pour commencer le chemin du retour et nous rendre \u00e0 Contrex\u00e9ville et faire une chouette promenade qui part du lac et nous fait traverser le centre de cette petite ville. Puis sur le trajet du retour profitant d\u2019un moment de calme je me retrouve dans les centres commerciaux de Troyes, dr\u00f4le de truc ! Le retour sur Paris se fait sans encombre et c\u2019est tout fatigu\u00e9s que nous sommes.<br \/>\n<strong>J7-Dimanche- Pr\u00e9paration et trajet sur Brian\u00e7on<\/strong><br \/>\nC\u2019est la journ\u00e9e de transition, celle o\u00f9 je vais laver mon linge, ranger le bordel et ensuite pr\u00e9parer mes affaires pour Brian\u00e7on, car ce soir c\u2019est dans le train de nuit que je vais me retrouver. Et une fois n\u2019est pas coutume, je vais prendre le m\u00e9tro, quelle aventure.<br \/>\n<strong>J8-Lundi- S\u00e9ance de grimpe sur le site de Bouchier<\/strong><br \/>\nPour se rendre sur le site il faut monter un chemin de terre et se garer au niveau d\u2019une antenne relais. Ensuite il y\u2019a un bon coup de cul.<br \/>\nSur ce site, je vais faire trois voies, Starter, Courage \u00e0 2 demain et le pilier baston<br \/>\nCe n\u2019est pas vraiment du facile pour commencer. Ce n\u2019est m\u00eame pas facile du tout. Le truc c\u2019est qu\u2019il ne fait pas vraiment chaud. JMI et moi, nous nous sommes dit que nous allions au soleil, Les promesses de rayons de soleil doux et chauds ne sont pas l\u00e0, nous sommes vraiment en hauteur et le vent nous glace les os. Au final nous sommes congel\u00e9s et on n\u2019arrive pas vraiment \u00e0 grimper\u2026<br \/>\nAu retour nous allons voir un papillon \u00e9tonnant. Il est de grande taille, je n\u2019ai jamais rien vu d\u2019aussi imposant. Apr\u00e8s recherche le nom de ce papillon est Graellsia Isabelae. C\u2019est une esp\u00e8ce nocturne visiblement assez courante.<br \/>\n<strong>J9-Mardi-tentative de grimpe<\/strong><br \/>\nNous allons sur le site du rocher Banon et il se met \u00e0 pleuvoir, je me d\u00e9chausse et fait une belle travers\u00e9e sur ce rocher qui est tr\u00e8s fournie en prises de tout genre. Je suis d\u00e9j\u00e0 venu sur ce site et c\u2019est vraiment un bel endroit, je ne demande qu\u2019\u00e0 revenir.<br \/>\nLe reste de la journ\u00e9e nous allons glander et faire quelques courses pour que nous puissions participer correctement \u00e0 la soir\u00e9e organis\u00e9e par notre amie.<br \/>\n<strong>J10-Mercredi, Rocher Baron nous voici \u00e0 nouveau<\/strong><br \/>\nNous allons sur le rocher Banon. Cette fois nous allons avoir le temps de faire deux voies. La premi\u00e8re une voie de chauffe qui se fait pieds nus et la seconde qui est plus consistante sans \u00eatre tr\u00e8s difficile, la fin demande un peu de concentration et de s\u2019appliquer. Mais pas vraiment le temps de continuer dans la difficult\u00e9 car la pluie de nouveau vient interrompre nos efforts.<br \/>\n<strong>J11-Jeudi \u2013 Promenade et mauvais temps<\/strong><br \/>\nLe matin je vais rechercher la cocotte \u00e0 la gare. La ville est toute petite, la veille j\u2019ai fait une grande promenade, mais cela n\u2019a pas emp\u00each\u00e9 que je me perde. La m\u00e9t\u00e9o est pas vraiment top, il pleut et nous allons dans la montagne avec une promenade sur le lac de l\u2019Orceyrette. Nous allons monter pour nous retrouver face \u00e0 la neige. C\u2019est d\u2019une beaut\u00e9 \u00e9tonnante. Les avalanches de cet hiver sont encore visibles et c\u2019est vraiment impressionnant s\u2019imaginer \u00eatre pr\u00e9sent lorsque cela s\u2019est produit, imaginer le bruit qui peut \u00eatre produit par une telle masse en mouvement, c\u2019est tr\u00e8s interrogeant.<br \/>\n<strong>J12-Vendredi \u2013 escalade sur le site de Freyssinet<\/strong><br \/>\nLa m\u00e9t\u00e9o est plus calme, le soleil est install\u00e9 et il est temps de bouger son corps. Le rendez-vous est donn\u00e9 et nous allons tous sur le site, je vais faire trois voies sur du tr\u00e8s beau rocher. Et cela aurait pu durer plus longtemps, mais le temps de tout pr\u00e9parer pour la f\u00eate nous fait partir t\u00f4t, car ce soir nous allons au gite pour nous \u00e9chauffer avant la grande soir\u00e9e.<br \/>\n<strong>J13- Samedi \u2013 C\u2019est la f\u00eate et nous allons faire du bruit<\/strong><br \/>\n\u00c7a y est c\u2019est le grand jour, les d\u00e9guisements sont pr\u00eats et nous le sommes aussi. Nous allons gr\u00e2ce \u00e0, une organisation digne d\u2019une comp\u00e9tition sportive, nous affronter entre \u00e9quipes et au final cela va \u00eatre tr\u00e8s dr\u00f4le. L\u2019esp\u00e8ce de klaxon que j\u2019ai achet\u00e9 pour la soir\u00e9e va \u00eatre tr\u00e8s utilis\u00e9 par les enfants qui vont tous l\u2019utiliser et cela fera ma joie.<br \/>\n<strong>J14-Dimanche- R\u00e9veil dans la nuit un caf\u00e9 et retour sur Paris<\/strong><br \/>\nLe r\u00e9veil se fait aux aurores, la nuit a \u00e9t\u00e9 courte, tr\u00e8s courte. On saute dans la voiture et go retour sur la capital, le trajet est long mais commenc\u00e9 tr\u00e8s t\u00f4t le matin, cela se fait tout seul et nous n\u2019aurons bien sur aucun ralentissement.<\/p>\n","protected":false},"excerpt":{"rendered":"<p>Bilan du s\u00e9jour \u2013 Les Vosges \/ Briancon Les Vosges J1 \u2013 d\u00e9part le matin de Paris et direction Epinal nuit de repos au Lac Nous sommes lundi, je prends la route sous une&#46;&#46;&#46;<\/p>\n","protected":false},"author":2,"featured_media":0,"comment_status":"closed","ping_status":"open","sticky":false,"template":"","format":"standard","meta":{"footnotes":""},"categories":[1],"tags":[],"class_list":["post-2832","post","type-post","status-publish","format-standard","hentry","category-autres"],"_links":{"self":[{"href":"https:\/\/www.omiplace.com\/chuck\/wp-json\/wp\/v2\/posts\/2832"}],"collection":[{"href":"https:\/\/www.omiplace.com\/chuck\/wp-json\/wp\/v2\/posts"}],"about":[{"href":"https:\/\/www.omiplace.com\/chuck\/wp-json\/wp\/v2\/types\/post"}],"author":[{"embeddable":true,"href":"https:\/\/www.omiplace.com\/chuck\/wp-json\/wp\/v2\/users\/2"}],"replies":[{"embeddable":true,"href":"https:\/\/www.omiplace.com\/chuck\/wp-json\/wp\/v2\/comments?post=2832"}],"version-history":[{"count":1,"href":"https:\/\/www.omiplace.com\/chuck\/wp-json\/wp\/v2\/posts\/2832\/revisions"}],"predecessor-version":[{"id":2833,"href":"https:\/\/www.omiplace.com\/chuck\/wp-json\/wp\/v2\/posts\/2832\/revisions\/2833"}],"wp:attachment":[{"href":"https:\/\/www.omiplace.com\/chuck\/wp-json\/wp\/v2\/media?parent=2832"}],"wp:term":[{"taxonomy":"category","embeddable":true,"href":"https:\/\/www.omiplace.com\/chuck\/wp-json\/wp\/v2\/categories?post=2832"},{"taxonomy":"post_tag","embeddable":true,"href":"https:\/\/www.omiplace.com\/chuck\/wp-json\/wp\/v2\/tags?post=2832"}],"curies":[{"name":"wp","href":"https:\/\/api.w.org\/{rel}","templated":true}]}}