{"id":78,"date":"2013-06-03T23:09:32","date_gmt":"2013-06-03T22:09:32","guid":{"rendered":"http:\/\/www.omiplace.com\/chuck\/?p=78"},"modified":"2013-08-12T16:56:12","modified_gmt":"2013-08-12T15:56:12","slug":"the-enduro-des-hautes-vosgse","status":"publish","type":"post","link":"https:\/\/www.omiplace.com\/chuck\/2013\/06\/03\/the-enduro-des-hautes-vosgse\/","title":{"rendered":"The Enduro des hautes Vosges"},"content":{"rendered":"<p>Tout a commenc\u00e9 un soir d&rsquo;hiver ou avec cousin Steph on r\u00e9fl\u00e9chissait \u00e0 la prochaine grosse sortie v\u00e9lo.<br \/>\nNous avions fait Vallnord, \u00e0 savoir des descentes dans la montagne et puis la granit montana une grosse promenade avec 2300 m\u00e8tres de d\u00e9nivel\u00e9.<br \/>\nDonc il nous restait \u00e0 trouver un nouveau challenge, Steph apr\u00e8s quelques recherches propose l&rsquo;enduro des hautes Vosges.<br \/>\nAlors bon moi sur le coup, ne sachant pas tr\u00e8s bien de quoi il en retourne, je me lance et je dis banco ! (premi\u00e8re erreur)<\/p>\n<p>Pour les novices un enduro c&rsquo;est quoi ? H\u00e9 bien c&rsquo;est tout simple c&rsquo;est une grosse promenade avec des gens qui prennent ton chrono dans les descentes. Voila pour la d\u00e9finition. Bon ensuite dans les d\u00e9tails, c&rsquo;est une suite avec une partie liaison qui n&rsquo;est pas chronom\u00e9tr\u00e9e et une partie sp\u00e9ciale ou le chronom\u00e8tre tourne. Le point important c&rsquo;est que l&rsquo;heure de d\u00e9part des sp\u00e9ciales est fixe et fix\u00e9e, donc il faut arriver \u00e0 l&rsquo;heure pour se lancer dans les descentes. Ca c&rsquo;est pour la premi\u00e8re journ\u00e9e et ca donne un classement puis le second jour on encha\u00eene mais cette fois ci avec un ordre de d\u00e9part donn\u00e9 par le classement, comme on le devine les premiers partent en premier, dure loi du genre.<\/p>\n<p>Les inscriptions faites, bien \u00e0 l&rsquo;avance car il n&rsquo;y a que 350 places et que les places partent en quelques jours, cela donne un peu le niveau d&rsquo;int\u00e9r\u00eat des participants. Nous recevrons ensuite le r\u00e8glement de la course. La \u00e7a commence un peu \u00e0 m&rsquo;inqui\u00e9ter, car il faut:<\/p>\n<ul>\n<li>un certificat m\u00e9dical<\/li>\n<li>une dorsale de protection<\/li>\n<li>des genouill\u00e8res<\/li>\n<li>des coudi\u00e8res<\/li>\n<li>un casque int\u00e9gral<\/li>\n<\/ul>\n<p>il ne manque que l&rsquo;assurance vie&#8230;<\/p>\n<p>Bon moi je participe \u00e0 ma fa\u00e7on en r\u00e9servant un top h\u00f4tel, les deux tr\u00e9sors et franchement c&rsquo;\u00e9tait une bonne id\u00e9e.<\/p>\n<p>Les pr\u00e9paratifs de l&rsquo;avant d\u00e9part commencent, un petit check sur le v\u00e9lo un changement de pneu avant histoire d&rsquo;avoir du grip, la mise en place de ma selle t\u00e9lescopique achet\u00e9e \u00e0 mon feu ami Eric, une chambre \u00e0 air de rechange, des tubes de powergel, et puis c&rsquo;est tout ! Steph lui \u00e0 chang\u00e9 ses pneus, nettoy\u00e9 son v\u00e9lo qui brille de mille feux, chang\u00e9 ses plaquettes de frein, et puis aussi d&rsquo;autres petites choses mais j\u2019arr\u00eate l\u00e0 la liste.<\/p>\n<p>Ca y&rsquo;est le jour J nous sommes vendredi, j&rsquo;ai une semaine de boulot dans la t\u00eate et je suis vraiment cuit. Nous nous donnons rendez vous \u00e0 Malakoff et nous prenons la route ou tout commence par une petite s\u00e9ance dans les bouchons, joie de la vie Parisienne.<br \/>\nSur la route j&rsquo;appel les bon coll\u00e8ges de Larchant et nous arrivons apr\u00e8s pas mal de textos \u00e0 nous retrouver dans une petite Pizzeria, \u00e0 cot\u00e9 d&rsquo;Epinal. L&rsquo;endroit est bien rustique et les conversations \u00e0 table tournent tout de suite autour du v\u00e9lo. Cyril, notre ma\u00eetre qui totalise un bon nombre d&rsquo;inscriptions est aussi le plus ancien de la bande, lui va bient\u00f4t passer le cap des cinquante, argh ! Ensuite nous avons Pascal et Eddy qui travaille je vous le donne en mille dans le v\u00e9lo. Lors d&rsquo;une conversation ils commencent \u00e0 parler d&rsquo;OTB.<br \/>\nLa je m&rsquo;inqui\u00e8te un peu je pensais qu&rsquo;ils voulaient dire un On Tue Boris, mais non pas du tout. Un OTB c&rsquo;est un soleil ! C&rsquo;est simplement un gars qui passe par dessus son v\u00e9lo, ou autrement dit un \u00ab\u00a0Over The Bar\u00a0\u00bb. Bon la j&rsquo;ai appris un truc qui me resservira pendant le weekend.<\/p>\n<p>Le repas termin\u00e9 nous reprenons la route pour nous diriger vers l&rsquo;h\u00f4tel ou la r\u00e9ceptionniste nous attend. Pour info la r\u00e9ception doit normalement fermer \u00e0 21h30 et nous arrivons \u00e0 22h30, j&rsquo;ai quand m\u00eame pris soin de supprimer la sauce tomate qui habite sur les bords de mes l\u00e8vres. Les cl\u00e9s remises nous arrivons dans notre suite, la d\u00e9co est neutre et c&rsquo;est tant mieux.<br \/>\nSuivent quelques discussions autour du v\u00e9lo des courses que les autres viennent de faire nous allons nous coucher comme de bons enfants. Dehors il pleut des cordes, et il n&rsquo;est pas pr\u00e9vu que ca s\u2019arr\u00eate tout de suite.<\/p>\n<p><strong>Samedi<\/strong><br \/>\nLe r\u00e9veil sonne, mais pas trop t\u00f4t, pas\u00a0compl\u00e8tement\u00a0r\u00e9cup\u00e9r\u00e9 de cette grosse semaine, les yeux encore coll\u00e9s je d\u00e9boule prendre mon petit d\u00e9j, bon force est de constater que je suis le dernier. Les autres sont all\u00e9s faire un peu de rep\u00e9rage, un peu de m\u00e9canique sur les v\u00e9los, et sont d\u00e9j\u00e0 en tenue, moi je suis encore en claquettes.<\/p>\n<p>Les v\u00e9los charg\u00e9s dans le camion nous regagnons la station de \u00ab\u00a0La Bresse\u00a0\u00bb, ski l&rsquo;\u00e9t\u00e9 v\u00e9lo l&rsquo;hiver, les vosgiens ont tout compris.<br \/>\nNous arrivons sur le spot la c&rsquo;est le grand cirque du v\u00e9lo, toutes les marques, toutes les couleurs, mais que des gros v\u00e9los. Pas de d\u00e9cathlon, et encore moins de v\u00e9lo sans suspension&#8230; Un d\u00e9tail m&rsquo;interpelle, il y&rsquo;a plusieurs camion de secouristes, pas un deux ou trois mais cinq ou six, je trouve que pour 350 cycliste c&rsquo;est beaucoup. Je ne sais pas combien il y&rsquo;en a sur le tour de France mais d&rsquo;un seul coup je ne me sens plus tr\u00e8s en s\u00e9curit\u00e9&#8230;<br \/>\nLes minutes passent, nous avons nos plaques, pour moi c&rsquo;est le 176 et je suis assez content de mon num\u00e9ro c&rsquo;est toujours mieux que 69. Avec nos plaques nous sont remis des puces qui seront utilis\u00e9es pour nous chronom\u00e9trer. En plus de n&rsquo;\u00eatre plus qu&rsquo;un num\u00e9ro je suis puc\u00e9.<\/p>\n<p>Le brief de la course est lanc\u00e9, cette ann\u00e9e bla bla, faites vous plaisir&#8230; Tu parles il fait froid et en plus il pleut&#8230;<\/p>\n<p>Enfin bon ca y&rsquo;est c&rsquo;est le d\u00e9part nous commen\u00e7ons par 400 de D+ avant de rejoindre la premi\u00e8re sp\u00e9ciale. Je suis avec mon accoutrement de cycliste et je commence rapidement \u00e0 transpirer sous mon casque qui finira accroch\u00e9 sur mon sac \u00e0 dos.<\/p>\n<p>Petite pr\u00e9cision comme les d\u00e9parts sont en fonction des num\u00e9ro et que le cousin \u00e0 fait les inscriptions en deux temps, je me retrouve devant \u00e0 plus de 25 d&rsquo;\u00e9cart. Autant dire que je vais passer la journ\u00e9e seul.<\/p>\n<p>L&rsquo;arriv\u00e9 \u00e0 la premi\u00e8re sp\u00e9ciale ne pose pas trop de difficult\u00e9 ca grimpe, mais c&rsquo;est pas redoutable. Arrive le d\u00e9part de la sp\u00e9ciale. Je suis la dans le paquet \u00e0 attendre que l&rsquo;on appel mon num\u00e9ro, je mange et j&rsquo;\u00e9coute les conversations, et il y&rsquo;a des OTB dans toutes les phrase, maintenant je sais !<br \/>\nCa y&rsquo;est on m&rsquo;appel je m\u2019ins\u00e8re dans la file, et je me remets en m\u00e9moire mes objectifs:<\/p>\n<ul>\n<li>rouler propre<\/li>\n<li>ne pas tomber<\/li>\n<li>ne pas me blesser<\/li>\n<li>finir la course<\/li>\n<li>\u00e9clater mon cousin !<\/li>\n<\/ul>\n<p>Je vois le gars partir juste devant moi et j&rsquo;ai comme l&rsquo;impression que je ne vais pas le ratraper&#8230;<br \/>\n5, 4, 3, 2, 1 go je m&rsquo;\u00e9lance, concentr\u00e9, ne pas tomber, ne pas tomber et la bing je me prends une maxi gamelle, je remonte sur mon bike, je suis couvert de boue, tremp\u00e9 mais pas bless\u00e9 !<\/p>\n<p>Ca continue ca descend vraiment s\u00e9v\u00e8re et je sais de quoi je parle. Des virages en \u00e9pingles des rigoles pleines d&rsquo;eau, bing une nouvelle pelle, toujours pas bobo.<\/p>\n<p>Je croise ca et la des photographes je me fais d\u00e9poser par quelques \u00e9nerv\u00e9s et puis on me dit plus que 100 m\u00e8tres ! Je ne pense m\u00eame pas \u00e0 un truc du style je lache les freins ! Non non je me dis yes c&rsquo;est presque termin\u00e9. Mais non il reste un put1 d&rsquo;escalier fait en rondins de bois, tout ca est tremp\u00e9 et je me mets une nouvelle boite ! Celle la c&rsquo;est une trois \u00e9toiles et tout ca devant un parterre de fans, ha c\u00e9l\u00e9brit\u00e9 quand tu nous tiens.<\/p>\n<p>La je me rends compte que techniquement je suis un peu l\u00e9ger, que mes gants avec la boue ne me permettent pas de tenir le guidon et que mon frein arri\u00e8re me demande trop d&rsquo;\u00e9ffort pour \u00eatre actionn\u00e9 correctement et que cela me donne des bouteilles (terme d&rsquo;escalade pour dire que les avant bras gonflent comme des bouteilles d&rsquo;orangina&#8230;), ce soir il y aura des r\u00e9glages \u00e0 faire.<\/p>\n<p>Vient la liaison et je regarde un peu l&rsquo;\u00e9tat des autres et je suis un peu rassur\u00e9 car beaucoup ont pris une ou plusieurs boites dans la descente.<\/p>\n<p>Viens ensuite la seconde sp\u00e9ciale ou je suis beaucoup plus prudent, mais ca ne\u00a0m\u2019emp\u00eache\u00a0pas de faire un ou deux OTB, puis on passe \u00e0 la liaison puis la sp\u00e9ciale, puis la liaison puis la derni\u00e8re sp\u00e9ciale&#8230;<\/p>\n<p>J&rsquo;ai fait comme tout le monde la derni\u00e8re liaison \u00e0 pied et oui il pleut il fait froid et c&rsquo;est tellement humide que personne ne peut monter un truc pareil enfin pas apr\u00e8s plus de cinq heures de course, ou peut \u00eatre Absalon, mais cette ann\u00e9e il ne court pas c&rsquo;est l&rsquo;organisateur il a pr\u00e9f\u00e9r\u00e9 la moto, ca je peux facilement comprendre.<\/p>\n<p>Pendant ce moment d&rsquo;attente je me demande vraiment ce que je fais l\u00e0 ! Je suis tremp\u00e9 j&rsquo;ai mal partout, j&rsquo;ai froid, et la seule chose que je voudrais c&rsquo;est un bain chaud et non encore une descente dans la boue ! Je ne peux me plaindre \u00e0 personne&#8230; Mais je vois sur les visages que mon sentiment est largement partag\u00e9.<\/p>\n<p>Photo du d\u00e9part de la derni\u00e8re sp\u00e9ciale:<br \/>\n<div id=\"attachment_92\" style=\"width: 310px\" class=\"wp-caption alignnone\"><a href=\"http:\/\/www.omiplace.com\/chuck\/wp-content\/uploads\/2013\/06\/2013-06-01-17.10.07.jpg\"><img loading=\"lazy\" decoding=\"async\" aria-describedby=\"caption-attachment-92\" src=\"http:\/\/www.omiplace.com\/chuck\/wp-content\/uploads\/2013\/06\/2013-06-01-17.10.07-300x225.jpg\" alt=\"Le d\u00e9part de la derni\u00e8re sp\u00e9ciale\" width=\"300\" height=\"225\" class=\"size-medium wp-image-92\" srcset=\"https:\/\/www.omiplace.com\/chuck\/wp-content\/uploads\/2013\/06\/2013-06-01-17.10.07-300x225.jpg 300w, https:\/\/www.omiplace.com\/chuck\/wp-content\/uploads\/2013\/06\/2013-06-01-17.10.07-1024x768.jpg 1024w\" sizes=\"(max-width: 300px) 100vw, 300px\" \/><\/a><p id=\"caption-attachment-92\" class=\"wp-caption-text\">Le d\u00e9part de la derni\u00e8re sp\u00e9ciale<\/p><\/div><br \/>\n&nbsp;<\/p>\n<p>La derni\u00e8re sp\u00e9ciale faite j&rsquo;attends un peu et retrouve tous les bons coll\u00e8gues, nous avons le sourire personne et bless\u00e9 et nous finissons tous cette premi\u00e8re journ\u00e9e fatigu\u00e9 et regagnons l&rsquo;endroit de nettoyage. La encore chose insolite les vttiste sont nettoy\u00e9s par un monsieur avec un karcher !<\/p>\n<p>Apr\u00e8s cette s\u00e9ance de nettoyage sous haute pression, retour \u00e0 l&rsquo;h\u00f4tel et debrief avec les coll\u00e8gues. Visiblement ils ont tous bien roul\u00e9 et je suis le seul \u00e0 mettre autant ramass\u00e9.<br \/>\nJe visais pas la premi\u00e8re place, je d\u00e9teste les flashs, mais tout de m\u00eame, je ne pensais pas autant ramasser.<\/p>\n<p>La douche prise et la vid\u00e9o de la descente faite par Eddy visionn\u00e9e nous allons \u00e0 la pasta party, \u00e9v\u00e9nement incontournable.<br \/>\nLa sont r\u00e9unis la plupart des participants, autant dire que les filles sont peu nombreuses et tr\u00e8s franchement je comprends. Qui peut aimer avoir froid \u00eatre couvert de boue et en plus aimer ca, \u00e0 part des mecs, des vrais.<\/p>\n<p>A la pasta party nous c\u00f4toyons les stars de la plan\u00e8te VTT et \u00e0 part moi tous le monde les connait, les Nicolas lau, Abaslon, et plein d&rsquo;autres.<\/p>\n<p>Les r\u00e9sultats sont affich\u00e9s et la ho comble je suis class\u00e9 32 sur 42, dans ma cat\u00e9gorie celle des master !<br \/>\nLa je me dis que je ne suis que 4 places derri\u00e8re le cousin \u00e0 juste 2 minutes et 18 secondes.<br \/>\nCyrill est 15ieme avec 27:26<br \/>\nSteph est 28ieme avec 32:04 et moi \u00e0 34:22<\/p>\n<p>Heuresement Eddy et Pascal plus jeune ne sont pas dans la m\u00eame cat\u00e9gorie mais ils terminent leur premi\u00e8re journ\u00e9e avec de bons temps ! Mais Cyril reste le premier du groupe, pas pour longtemps.<\/p>\n<p>Autant dire que demain je vais tout faire pour gratter le cousin ! <\/p>\n<p>Apr\u00e8s la pasta party nous regagnons l&rsquo;h\u00f4tel, car il faut le savoir la pasta party n&rsquo;est pas un haut lieu de d\u00e9bauche, et avec mon quart de rouge et mon potage je me sentais un peu seul.<\/p>\n<p>photos des yeux fatigu\u00e9s des champions:<br \/>\n<a href=\"http:\/\/www.omiplace.com\/chuck\/wp-content\/uploads\/2013\/06\/2013-06-01-19.17.23.jpg\"><img loading=\"lazy\" decoding=\"async\" src=\"http:\/\/www.omiplace.com\/chuck\/wp-content\/uploads\/2013\/06\/2013-06-01-19.17.23-150x150.jpg\" alt=\"SAMSUNG\" width=\"150\" height=\"150\" class=\"alignnone size-thumbnail wp-image-98\" \/><\/a><a href=\"http:\/\/www.omiplace.com\/chuck\/wp-content\/uploads\/2013\/06\/2013-06-01-19.17.32.jpg\"><img loading=\"lazy\" decoding=\"async\" src=\"http:\/\/www.omiplace.com\/chuck\/wp-content\/uploads\/2013\/06\/2013-06-01-19.17.32-300x225.jpg\" alt=\"SAMSUNG\" width=\"150\" height=\"150\" class=\"alignnone size-medium wp-image-99\" \/><\/a><a href=\"http:\/\/www.omiplace.com\/chuck\/wp-content\/uploads\/2013\/06\/2013-06-01-19.17.47.jpg\"><img loading=\"lazy\" decoding=\"async\" src=\"http:\/\/www.omiplace.com\/chuck\/wp-content\/uploads\/2013\/06\/2013-06-01-19.17.47-300x225.jpg\" alt=\"SAMSUNG\" width=\"150\" height=\"150\" class=\"alignnone size-medium wp-image-100\" \/><\/a><br \/>\nA l&rsquo;h\u00f4tel je me mets \u00e0 faire des \u00e9tirements et me lance avec le cousin dans une petite s\u00e9ance de yoga, il fallait bien ca pour \u00e9limer les tensions de la journ\u00e9e. La petite phrase du prof de yoga en t\u00eate, rel\u00e2cher, accueillir les soupirs et les b\u00e2illements.<\/p>\n<p>Juste pour la petite histoire la chambre est transform\u00e9e en lavomatic et tous les radiateurs sont \u00e0 fond pour s\u00e9cher nos v\u00eatements mouill\u00e9s, enfin pour ceux qui sont dans la chambre les autres resterons sur le garde-fou de la fen\u00eatre. Ou comment transformer une chambre en camp de gitans&#8230;<br \/>\n<a href=\"http:\/\/www.omiplace.com\/chuck\/wp-content\/uploads\/2013\/06\/2013-06-01-21.39.34.jpg\"><img loading=\"lazy\" decoding=\"async\" src=\"http:\/\/www.omiplace.com\/chuck\/wp-content\/uploads\/2013\/06\/2013-06-01-21.39.34-150x150.jpg\" alt=\"Au temps des gitans\" width=\"150\" height=\"150\" class=\"alignnone size-thumbnail wp-image-107\" \/><\/a><\/p>\n<p>Dimanche<br \/>\nLe lendemain r\u00e9veil \u00e0 7h gros petit d\u00e9jeuner et d\u00e9collage pour quatre sp\u00e9ciales. La c&rsquo;est clair mon objectif c&rsquo;est rattraper des places ! Comme quoi la course cela ne rend pas toujours tr\u00e8s intelligent.<\/p>\n<p><a href=\"http:\/\/www.omiplace.com\/chuck\/wp-content\/uploads\/2013\/06\/video-2013-06-02-08-40-12.mp4\">video-2013-06-02-08-40-12<\/a><\/p>\n<p>Bon pour commencer la journ\u00e9e nous prenons un t\u00e9l\u00e9si\u00e8ge qui nous emm\u00e8ne au d\u00e9part de la premi\u00e8re sp\u00e9ciale que nous ferons deux fois.<br \/>\nNous nous \u00e9lan\u00e7ons je suis tout propre donc je ne veux pas me salir. 5,4 je me lance ! C&rsquo;est partie la descentes est vraiment technique nous passons sur des parties am\u00e9nag\u00e9es avec des passages en bois comme dans les films ! Et ca passe plut\u00f4t pas mal je me mets cependant une bonne boite en plantant ma roue dans un trou. J&rsquo;apprendrais plus tard que beaucoup on fait la m\u00eame. Ma m\u00e9diocrit\u00e9 ne me rend pas unique, ca rassure mon \u00e9go ! Enfin je boucle la sp\u00e9ciale en 10:45.<\/p>\n<p>Vient la liaison puis une autre sp\u00e9ciale et la je commence \u00e0 trouver mes marques, je prends confiance mais je reste lucide.<\/p>\n<p>Pour la petite histoire la veille je me suis autoris\u00e9 \u00e0 apostropher les secouristes pour savoir si c&rsquo;\u00e9tait une grosse journ\u00e9e, erreur ! Quelle question !!! R\u00e9ponse: Ho juste cinq interventions deux \u00e9paules et le reste des babioles juste des points de sutures. Il faut quand m\u00eame savoir que sur les 350 inscrits il y&rsquo;a eu environ 80 abandons le premier jour.<\/p>\n<p>Dans les sp\u00e9ciales deux et trois je me suis senti \u00e0 l&rsquo;aise, un peu moins en mode survie que la veille, c&rsquo;est bon signe je m&rsquo;adapte.<br \/>\nVient le moment de la derni\u00e8re sp\u00e9ciale, qui reprend le m\u00eame parcours que la premi\u00e8re donc la maintenant je connais les pi\u00e8ges et je sais o\u00f9 est le trou.<\/p>\n<p>R\u00e9sultat, des 10:45 je passe maintenant \u00e0 moins de 9 minutes !<\/p>\n<p>Voila la course est termin\u00e9e, c&rsquo;est le temps des r\u00e9sultats et des bilans.<br \/>\nSur les 8 sp\u00e9ciales, Steph en gagne 4 et moi 4 donc ex aequo.<br \/>\nEt sur le classement il est 191ieme et je suis 194ieme.<\/p>\n<p>Eddy est 120iem avec 1:00:09<br \/>\nCyril est 129ieme avec 1:01:32<br \/>\nPascal est 148ieme avec 1:05:33<br \/>\nStep est 191ieme  avec 1:13:22<br \/>\nChuck est 194ieme avec 1:14:05 <\/p>\n<p>Donc pour une premi\u00e8re c&rsquo;\u00e9tait pas si mal.<br \/>\nApr\u00e8s \u00e0 savoir si je suis de la partie l&rsquo;ann\u00e9e prochaine, c&rsquo;est une vrai question mais si j&rsquo;ai le choix j&rsquo;irai plut\u00f4t faire de la plong\u00e9 dans les \u00eeles.<\/p>\n<p>Dernier d\u00e9tail pendant ce temps mes femmes \u00e9taient en vadrouille \u00e0 la campagne et elles ont pris un coup de soleil.<br \/>\nEt deuxi\u00e8me dernier d\u00e9tail lorsque nous sommes parti le ciel s&rsquo;est d\u00e9gag\u00e9 et nous avons eu du soleil pendant tout le retour, alors les Vosges, micro climat ?<\/p>\n","protected":false},"excerpt":{"rendered":"<p>Tout a commenc\u00e9 un soir d&rsquo;hiver ou avec cousin Steph on r\u00e9fl\u00e9chissait \u00e0 la prochaine grosse sortie v\u00e9lo. Nous avions fait Vallnord, \u00e0 savoir des descentes dans la montagne et puis la granit montana&#46;&#46;&#46;<\/p>\n","protected":false},"author":2,"featured_media":92,"comment_status":"closed","ping_status":"closed","sticky":false,"template":"","format":"standard","meta":{"footnotes":""},"categories":[1],"tags":[],"class_list":["post-78","post","type-post","status-publish","format-standard","has-post-thumbnail","hentry","category-autres"],"_links":{"self":[{"href":"https:\/\/www.omiplace.com\/chuck\/wp-json\/wp\/v2\/posts\/78"}],"collection":[{"href":"https:\/\/www.omiplace.com\/chuck\/wp-json\/wp\/v2\/posts"}],"about":[{"href":"https:\/\/www.omiplace.com\/chuck\/wp-json\/wp\/v2\/types\/post"}],"author":[{"embeddable":true,"href":"https:\/\/www.omiplace.com\/chuck\/wp-json\/wp\/v2\/users\/2"}],"replies":[{"embeddable":true,"href":"https:\/\/www.omiplace.com\/chuck\/wp-json\/wp\/v2\/comments?post=78"}],"version-history":[{"count":36,"href":"https:\/\/www.omiplace.com\/chuck\/wp-json\/wp\/v2\/posts\/78\/revisions"}],"predecessor-version":[{"id":114,"href":"https:\/\/www.omiplace.com\/chuck\/wp-json\/wp\/v2\/posts\/78\/revisions\/114"}],"wp:featuredmedia":[{"embeddable":true,"href":"https:\/\/www.omiplace.com\/chuck\/wp-json\/wp\/v2\/media\/92"}],"wp:attachment":[{"href":"https:\/\/www.omiplace.com\/chuck\/wp-json\/wp\/v2\/media?parent=78"}],"wp:term":[{"taxonomy":"category","embeddable":true,"href":"https:\/\/www.omiplace.com\/chuck\/wp-json\/wp\/v2\/categories?post=78"},{"taxonomy":"post_tag","embeddable":true,"href":"https:\/\/www.omiplace.com\/chuck\/wp-json\/wp\/v2\/tags?post=78"}],"curies":[{"name":"wp","href":"https:\/\/api.w.org\/{rel}","templated":true}]}}