{"id":884,"date":"2015-05-17T22:57:40","date_gmt":"2015-05-17T21:57:40","guid":{"rendered":"http:\/\/www.omiplace.com\/chuck\/?p=884"},"modified":"2015-05-21T22:44:19","modified_gmt":"2015-05-21T21:44:19","slug":"le-mont-aiguille","status":"publish","type":"post","link":"https:\/\/www.omiplace.com\/chuck\/2015\/05\/17\/le-mont-aiguille\/","title":{"rendered":"Le Mont Aiguille"},"content":{"rendered":"<p>Le Mont Aiguille. Pillier Sud. Lors d&rsquo;une randonn\u00e9e faite avec des potes pendant le mois de septembre j&rsquo;\u00e9tais arriv\u00e9 au refuge avec de l&rsquo;\u00e9nergie \u00e0 revendre. Les copains \u00e9taient partis pour faire une partie de tarot&#8230; L\u00e0 pour le coup moi cela me branchait vraiment tr\u00e8s moyennement. Un ancien arrive tranquillement au refuge et nous voit, il prend la sage d\u00e9cision de monter un peu plus haut pour trouver un refuge plus calme. Je lui propose de l&rsquo;accompagner, il accepte sans discuter et nous entamons la mont\u00e9e.<\/p>\n<p>Nous montons tranquillement, Il\u00a0a un sac, pas moi. Nous montons\u00a0par de tr\u00e8s jolis\u00a0sentiers et nous arrivons \u00e0 cet endroit pr\u00e9cis o\u00f9 nous apercevons le Mont Aiguille. Je suis scotch\u00e9 par cet esp\u00e8ce de rocher qui semble sortir du sol comme pouss\u00e9 par un ressort invisible. Il est retrait\u00e9, enseignant et\u00a0me raconte que ce Mont Aiguille c&rsquo;est l&rsquo;origine de l&rsquo;alpinisme.<\/p>\n<p>Plus tard j&rsquo;apprendrai que c&rsquo;est Antoine De Ville qui fera la premi\u00e8re ascension sur ordre du roi Charles VIII<\/p>\n<p>De mon c\u00f4t\u00e9 je trouve qu&rsquo;effectivement cela a l&rsquo;air bien sympathique. Nous continuons notre randonn\u00e9e puis le soir de notre d\u00e9part nous allons d\u00eener dans une petite pizzeria ou je vois un couple de grimpeurs avec l&rsquo;air bien fatigu\u00e9. Nous entamons la discussion et ils me racontent qu&rsquo;ils viennent de faire l\u2019ascension, je les envie un peu.<\/p>\n<p>Rentr\u00e9 \u00e0 Paris, je croise mon camarade Hubert et je lui dis que le Mont Aiguille c&rsquo;est bien joli ! Je lui demande s&rsquo;il a d\u00e9j\u00e0 fait cette ascension, la r\u00e9ponse est positive. Il me lance un &lsquo;si cela te branche dis le moi&rsquo;.<\/p>\n<p>Les mois passent et visiblement cela reste dans nos t\u00eates respectives. L&rsquo;hiver passe et durant le courant du mois d&rsquo;avril nous reparlons de cette sortie possible.<\/p>\n<p>Apr\u00e8s quelques phrases \u00e9chang\u00e9es nous nous mettons d&rsquo;accord sur les dates. Pour la suite tout va se faire au feeling en mode improvis\u00e9 pour ma part. Sachant que nous allons faire ce truc je commence \u00e0 regarder un peu sur le net les voies qui sont propos\u00e9es et tout est en mode huit longueurs et plus. Bon il faut dire que le mont faisant plus de 200 m\u00e8tres, c&rsquo;est plut\u00f4t logique. De mon c\u00f4t\u00e9 c&rsquo;est l&rsquo;inconnu et je me demande bien ce que huit longueurs peuvent bien repr\u00e9senter. J&rsquo;imagine que ce n&rsquo;est pas du gros devers pendant 200 m\u00e8tres et qu&rsquo;en \u00e9tant bien calme et en posant proprement ses pieds la chose devrait \u00eatre r\u00e9alisable.<\/p>\n<p>J&rsquo;en parle \u00e0 mon tonton Philou, et il me d\u00e9conseille vivement de faire ce truc. C&rsquo;est dangereux il y a des pierres qui tombent et \u00e0 c\u00f4t\u00e9 il y a bien plus joli \u00e0 grimper. J&rsquo;\u00e9coute ses conseils avis\u00e9s et je sais qu&rsquo;il a raison. Je vois sur des sites persos que d&rsquo;autres personnes l&rsquo;ont fait qu&rsquo;ils sont encore en vie et je devrais si je reste sage m&rsquo;en sortir.<\/p>\n<p>Nous fixons le d\u00e9part pour le samedi matin, le rendez vous est donn\u00e9 sur une aire de l&rsquo;A6.<\/p>\n<p>Nous effectuons le trajet accompagn\u00e9 du deuxi\u00e8me concerto pour piano de Rachmaninoff, que de souvenirs me remontent avec cette musique, que de souvenirs&#8230; Nous papotons gentiment les kilom\u00e8tres d\u00e9filent le paysage des plaines et des vall\u00e9es de France passent sous nos yeux, la vie est partout.<\/p>\n<p>Arriv\u00e9 au village de Chichilianne nous faisons une pause casse-cro\u00fbte Hubert se contente d&rsquo;une boisson, nous regagnons ensuite l&rsquo;h\u00f4tel. Le nom de l&rsquo;h\u00f4tel ? Le gai soleil du Mont Aiguille, je suis vraiment rassur\u00e9 dans la chambre il y a deux lits ;-)<\/p>\n<p>La journ\u00e9e est d\u00e9j\u00e0 bien entam\u00e9e et nous prenons le d\u00e9part pour rejoindre le pied du Mont Aiguille, \u00e0 mi-parcours Hubert jette l&rsquo;\u00e9ponge, la marche en pleine chaleur dans un chemin boueux c&rsquo;est pas son truc. Je continue et je dois avouer que je me dis que le lendemain avec des sacs de matos cette jolie promenade va \u00eatre un gros \u00e9chauffement.<\/p>\n<p><a href=\"http:\/\/www.omiplace.com\/chuck\/wp-content\/uploads\/2015\/05\/20150510_174626.jpg\"><img loading=\"lazy\" decoding=\"async\" class=\"aligncenter wp-image-902 size-medium\" src=\"http:\/\/www.omiplace.com\/chuck\/wp-content\/uploads\/2015\/05\/20150510_174626-300x169.jpg\" alt=\"20150510_174626\" width=\"300\" height=\"169\" srcset=\"https:\/\/www.omiplace.com\/chuck\/wp-content\/uploads\/2015\/05\/20150510_174626-300x169.jpg 300w, https:\/\/www.omiplace.com\/chuck\/wp-content\/uploads\/2015\/05\/20150510_174626-1024x576.jpg 1024w, https:\/\/www.omiplace.com\/chuck\/wp-content\/uploads\/2015\/05\/20150510_174626-460x260.jpg 460w\" sizes=\"(max-width: 300px) 100vw, 300px\" \/><\/a><a href=\"http:\/\/www.omiplace.com\/chuck\/wp-content\/uploads\/2015\/05\/20150510_174633.jpg\"><img loading=\"lazy\" decoding=\"async\" class=\"  alignleft wp-image-903\" src=\"http:\/\/www.omiplace.com\/chuck\/wp-content\/uploads\/2015\/05\/20150510_174633-169x300.jpg\" alt=\"20150510_174633\" width=\"92\" height=\"163\" srcset=\"https:\/\/www.omiplace.com\/chuck\/wp-content\/uploads\/2015\/05\/20150510_174633-169x300.jpg 169w, https:\/\/www.omiplace.com\/chuck\/wp-content\/uploads\/2015\/05\/20150510_174633-576x1024.jpg 576w, https:\/\/www.omiplace.com\/chuck\/wp-content\/uploads\/2015\/05\/20150510_174633.jpg 1836w\" sizes=\"(max-width: 92px) 100vw, 92px\" \/><\/a><\/p>\n<p>La soir\u00e9e agr\u00e9ment\u00e9e des bons petits plats du chef nous regagnons sagement la chambre 13&#8230;<\/p>\n<p>Le r\u00e9veil est donn\u00e9 pour 7h, un\u00a0bol de th\u00e9 une cuill\u00e8re de miel et des c\u00e9r\u00e9ales, un caf\u00e9 et c&rsquo;est parti pour deux heures de marche.<\/p>\n<p>&nbsp;<\/p>\n<p>&nbsp;<\/p>\n<p>Hubert trouve sans difficult\u00e9 le d\u00e9part de la voie. La veille je suis pass\u00e9 devant avec le topo dans les mains sans rien voir, pourtant il est bien \u00e9crit \u00e0 la peinture rouge, \u00ab\u00a0les \u00e9tudiants\u00a0\u00bb, parfois je me fais un peu peur.<\/p>\n<p><a href=\"http:\/\/www.omiplace.com\/chuck\/wp-content\/uploads\/2015\/05\/20150510_184243.jpg\"><img loading=\"lazy\" decoding=\"async\" class=\"alignnone size-medium wp-image-904\" src=\"http:\/\/www.omiplace.com\/chuck\/wp-content\/uploads\/2015\/05\/20150510_184243-300x169.jpg\" alt=\"20150510_184243\" width=\"300\" height=\"169\" srcset=\"https:\/\/www.omiplace.com\/chuck\/wp-content\/uploads\/2015\/05\/20150510_184243-300x169.jpg 300w, https:\/\/www.omiplace.com\/chuck\/wp-content\/uploads\/2015\/05\/20150510_184243-1024x576.jpg 1024w, https:\/\/www.omiplace.com\/chuck\/wp-content\/uploads\/2015\/05\/20150510_184243-460x260.jpg 460w\" sizes=\"(max-width: 300px) 100vw, 300px\" \/><\/a><\/p>\n<p>Au pied de la voie c&rsquo;est impressionnant, le paysage, le calme, les vautours au loin qui planent, les choucas qui passent et s&rsquo;engouffrent dans les fissures du mont. Nous nous pr\u00e9parons et nous avons la neuf longueurs face \u00e0 nous.<\/p>\n<p>C&rsquo;est la premi\u00e8re fois que nous faisons une s\u00e9ance de grimpe Hubert et moi ensemble, la premi\u00e8re fois que je vais faire une si longue voie, cela fait beaucoup de premi\u00e8res fois.<\/p>\n<p>On s&rsquo;encorde, Hubert se lance et nous partons dans la voie. Nous avons une corde double de 100 m\u00e8tres, quelques coinceurs \u00e0 cames, quelques friends, quatorze d\u00e9gaines, quelques longes, quelques mousquetons \u00e0 vis, un sac avec un peu de nourriture.<\/p>\n<p>Hubert encha\u00eene les premiers mouvement et installe le premier relais. C&rsquo;est parti, c&rsquo;est \u00e0 moi, je v\u00e9rifie que je suis bien. Le sac sur le dos je commence comme un paresseux, \u00e9conome, je garde en t\u00eate cette petite phrase.<\/p>\n<p>Une sortie montage c&rsquo;est quatre \u00e9tapes, une marche d&rsquo;approche, une ascension, une descente et une marche de retour. La marche d&rsquo;approche nous venons de la faire, l&rsquo;ascension c&rsquo;est l&rsquo;objectif, mais la descente c&rsquo;est l&rsquo;endroit ou il faut rester concentr\u00e9.<\/p>\n<p>Je rejoins Hubert au premier relais, je profite de chaque mouvement pour respirer, ne pas contracter mes petits muscles et rester le plus lent possible, c&rsquo;est \u00e0 dire avoir un cycle de respiration tr\u00e8s lent. Au premier relais nous sommes \u00e0 quelques dizaines de m\u00e8tres, l\u00e0, pos\u00e9s, nous proc\u00e9dons \u00e0 l&rsquo;\u00e9change du mat\u00e9riel. On va faire le mont en r\u00e9versible, cela veut dire moins de manipulation de corde et aussi que celui qui grimpe encha\u00eene deux longueurs soit environ cinquante m\u00e8tres. C&rsquo;est plut\u00f4t r\u00e9jouissant. Je pars c&rsquo;est facile, mais le rocher n&rsquo;est pas bon, il faut tout v\u00e9rifier, les pieds, les mains. Les prises sont susceptibles de l\u00e2cher. Dans l&rsquo;absolu on pourrait penser que ce n&rsquo;est qu&rsquo;un vol, mais dans l&rsquo;\u00e9tat des choses, je n&rsquo;ai vraiment pas envie de me faire un petit vol. Les points ne sont pas vraiment tr\u00e8s espac\u00e9s, c&rsquo;est plut\u00f4t de la grimpe simple,<\/p>\n<p>Le second relais atteint je pose tout le bazar et pr\u00e9pare l&rsquo;arriv\u00e9e d&rsquo;Hubert qui arrive quelques instants plus tard. Nous sommes dans du facile pour le moment rien ne pose de difficult\u00e9s. Nous encha\u00eenons les longueurs, je fais partir par deux fois des pierres, pied droit, et main droite. Prudence. Nous arrivons au longueurs un peu plus difficiles. La grimpe sans \u00eatre difficile devient plus soutenu, le profil est raide \u00e0 la limite du d\u00e9versant. Il y&rsquo;a beaucoup de prises, mais de mon c\u00f4t\u00e9 ce que je vois c&rsquo;est qu&rsquo;il faut vraiment garder du jus pour apr\u00e8s, pour le on ne sait jamais.<\/p>\n<p>Nous sommes \u00e0 la quatri\u00e8me longueur, je vois Hubert \u00e0 quelques m\u00e8tres de moi \u00e0 gauche et il cherche les prises qui vont lui permettre de passer. Cela ressemble de l&rsquo;endroit o\u00f9 je suis\u00a0\u00e0 quelques bon pas de blocs, mais si cela passe pas c&rsquo;est un vol assur\u00e9. Apr\u00e8s quelques h\u00e9sitations cela passe et le reste s&rsquo;encha\u00eene. Il est \u00e0 l&rsquo;aise l&rsquo;animal ! C&rsquo;est mon tour je me lance, je passe le passage de bloc, \u00eatre en second sur ce coup l\u00e0 et avoir vu les mouvements cela change tout, mais quelques m\u00e8tres plus haut, il y a quelques mouvements un peu rotor et je passe en force car je ne veux pas tra\u00eener l\u00e0 dessus, \u00e0 finauder pour trouver les mouvements les moins \u00e9nergivores. Je rejoins Hubert et je me lance pour la suite qui est nettement plus facile, cela contraste. Je pose le relais attend mon camarade. Nous arrivons dans une section bien verticale, je sais qu&rsquo;il ne reste plus que deux longueurs. Cela tombe plut\u00f4t bien c&rsquo;est le moment de sortir les watt car la grimpe devient nettement plus sportive et il faut \u00eatre en mode herm\u00e9tique.<\/p>\n<p>On regagne la sortie qui est une esp\u00e8ce de r\u00e9ta piscine. Pour faire simple c&rsquo;est un r\u00e9tablissement qui se fait dans un amas de petites pierres. Hubert est juste en dessous, je le pr\u00e9viens que c&rsquo;est vraiment tendu, il m&rsquo;engueule en me disant de ne faire partir aucune pierre. Sur ce coup il dit vrai ! Je rejoins le relais et commence \u00e0 l&rsquo;assurer. Effectivement aucune pierre n&rsquo;est partie. Pour la petite histoire en regardant ensuite sur camptocamp, il insiste qu&rsquo;il est in\u00e9vitable de faire partir des pierres sur la derni\u00e8re longueur c&rsquo;est vrai. J&rsquo;ai vu passer une pierre \u00e0 quelques m\u00e8tres. C&rsquo;est la premi\u00e8re fois que j&rsquo;entendais une pierre siffler. Maintenant je sais ce que c&rsquo;est et je ne suis pas fan&#8230;<\/p>\n<p>Nous \u00a0arriverons apr\u00e8s une promenade dans un pierrier qui jette les pierres quelques deux cents m\u00e8tres plus bas, sur un d\u00e9but de plateau. Ca y est nous y sommes sur le plateau du Mont Aiguille. Nous avons le plateau pour nous seul, quel luxe. Perch\u00e9s au dessus de la barre des deux milles m\u00e8tres, on se pose, mangeons, fumons quelques clopes et l\u00e0, montre oblige, nous entamons la phase de retour. Rester plus longtemps voir passer la nuit la m&rsquo;aurait vraiment bien plu. Le lever de soleil \u00e0 cet endroit par une journ\u00e9e sans nuages comme aujourd&rsquo;hui, doit \u00eatre un vrai cadeau.<\/p>\n<p><a href=\"http:\/\/www.omiplace.com\/chuck\/wp-content\/uploads\/2015\/05\/20150511_160439.jpg\"><img loading=\"lazy\" decoding=\"async\" class=\"alignnone size-medium wp-image-906\" src=\"http:\/\/www.omiplace.com\/chuck\/wp-content\/uploads\/2015\/05\/20150511_160439-300x169.jpg\" alt=\"20150511_160439\" width=\"300\" height=\"169\" srcset=\"https:\/\/www.omiplace.com\/chuck\/wp-content\/uploads\/2015\/05\/20150511_160439-300x169.jpg 300w, https:\/\/www.omiplace.com\/chuck\/wp-content\/uploads\/2015\/05\/20150511_160439-1024x576.jpg 1024w, https:\/\/www.omiplace.com\/chuck\/wp-content\/uploads\/2015\/05\/20150511_160439-460x260.jpg 460w\" sizes=\"(max-width: 300px) 100vw, 300px\" \/><\/a><a href=\"http:\/\/www.omiplace.com\/chuck\/wp-content\/uploads\/2015\/05\/20150511_160427.jpg\"><img loading=\"lazy\" decoding=\"async\" class=\"alignnone size-medium wp-image-905\" src=\"http:\/\/www.omiplace.com\/chuck\/wp-content\/uploads\/2015\/05\/20150511_160427-300x169.jpg\" alt=\"20150511_160427\" width=\"300\" height=\"169\" srcset=\"https:\/\/www.omiplace.com\/chuck\/wp-content\/uploads\/2015\/05\/20150511_160427-300x169.jpg 300w, https:\/\/www.omiplace.com\/chuck\/wp-content\/uploads\/2015\/05\/20150511_160427-1024x576.jpg 1024w, https:\/\/www.omiplace.com\/chuck\/wp-content\/uploads\/2015\/05\/20150511_160427-460x260.jpg 460w\" sizes=\"(max-width: 300px) 100vw, 300px\" \/><\/a><\/p>\n<p>En \u00e9crivant cette phrase je me rend compte qu&rsquo;except\u00e9 en avion je ne suis jamais all\u00e9 plus haut que sur le pic Carlit..<\/p>\n<p>Sur le plateaux la v\u00e9g\u00e9tation est sommaire, mais quelques gentianes bleues sont pr\u00e9sentes le bleu est vraiment beau, cela me parle beaucoup. Apr\u00e8s quelques recherches sur le net, je d\u00e9couvrirai que ces gentianes bleues sont end\u00e9miques \u00e0 cette partie du Vercors et quelles se nomment &lsquo;<i>Gentiana verna&rsquo; <\/i>le bleu est celui d&rsquo;un bleu Klein<i>.<\/i><\/p>\n<p>Nous y sommes, termin\u00e9e la pause c&rsquo;est le moment de descendre. Nous effectuons apr\u00e8s un\u00a0passage\u00a0dans une petite chemin\u00e9e les deux grands rappels qui nous conduiront\u00a0au sol. Je retiendrais de ce passage de mettre en premier un n\u0153ud Machard avant de placer mon descendeur. \u00a0Les deux descentes en relais effectu\u00e9es nous reprenons le sentier de descente.<\/p>\n<p>Nous arrivons \u00e0\u00a0l&rsquo;h\u00f4tel c&rsquo;est d\u00e9j\u00e0 l&rsquo;heure du d\u00eener. Cette journ\u00e9e je ne l&rsquo;ai pas vu passer, comme si les choses \u00e9taient en suspens, la sensation de n&rsquo;avoir rien fait de particulier, de juste avoir laiss\u00e9 filer le temps.<\/p>\n<p>Si cette journ\u00e9e c&rsquo;est si bien pass\u00e9e c&rsquo;est clairement gr\u00e2ce \u00e0 Hubert, sa pratique et cet esp\u00e8ce de flegme. Je pense que de son c\u00f4t\u00e9 il devait aussi se demander avec qui il allait partir :-)<\/p>\n<p>En nous s\u00e9parant le lendemain dans notre regard et notre poign\u00e9e de main, il y avait la complicit\u00e9 du bon moment partag\u00e9. Merci Hubert sur ce coup l\u00e0, Merci !<\/p>\n<p><a href=\"http:\/\/www.omiplace.com\/chuck\/wp-content\/uploads\/2015\/05\/20150512_093653.jpg\"><img loading=\"lazy\" decoding=\"async\" class=\"alignnone size-medium wp-image-907\" src=\"http:\/\/www.omiplace.com\/chuck\/wp-content\/uploads\/2015\/05\/20150512_093653-300x169.jpg\" alt=\"20150512_093653\" width=\"300\" height=\"169\" srcset=\"https:\/\/www.omiplace.com\/chuck\/wp-content\/uploads\/2015\/05\/20150512_093653-300x169.jpg 300w, https:\/\/www.omiplace.com\/chuck\/wp-content\/uploads\/2015\/05\/20150512_093653-1024x576.jpg 1024w, https:\/\/www.omiplace.com\/chuck\/wp-content\/uploads\/2015\/05\/20150512_093653-460x260.jpg 460w\" sizes=\"(max-width: 300px) 100vw, 300px\" \/><\/a><\/p>\n","protected":false},"excerpt":{"rendered":"<p>Le Mont Aiguille. Pillier Sud. Lors d&rsquo;une randonn\u00e9e faite avec des potes pendant le mois de septembre j&rsquo;\u00e9tais arriv\u00e9 au refuge avec de l&rsquo;\u00e9nergie \u00e0 revendre. Les copains \u00e9taient partis pour faire une partie&#46;&#46;&#46;<\/p>\n","protected":false},"author":2,"featured_media":907,"comment_status":"closed","ping_status":"open","sticky":false,"template":"","format":"standard","meta":{"footnotes":""},"categories":[1],"tags":[],"class_list":["post-884","post","type-post","status-publish","format-standard","has-post-thumbnail","hentry","category-autres"],"_links":{"self":[{"href":"https:\/\/www.omiplace.com\/chuck\/wp-json\/wp\/v2\/posts\/884"}],"collection":[{"href":"https:\/\/www.omiplace.com\/chuck\/wp-json\/wp\/v2\/posts"}],"about":[{"href":"https:\/\/www.omiplace.com\/chuck\/wp-json\/wp\/v2\/types\/post"}],"author":[{"embeddable":true,"href":"https:\/\/www.omiplace.com\/chuck\/wp-json\/wp\/v2\/users\/2"}],"replies":[{"embeddable":true,"href":"https:\/\/www.omiplace.com\/chuck\/wp-json\/wp\/v2\/comments?post=884"}],"version-history":[{"count":16,"href":"https:\/\/www.omiplace.com\/chuck\/wp-json\/wp\/v2\/posts\/884\/revisions"}],"predecessor-version":[{"id":914,"href":"https:\/\/www.omiplace.com\/chuck\/wp-json\/wp\/v2\/posts\/884\/revisions\/914"}],"wp:featuredmedia":[{"embeddable":true,"href":"https:\/\/www.omiplace.com\/chuck\/wp-json\/wp\/v2\/media\/907"}],"wp:attachment":[{"href":"https:\/\/www.omiplace.com\/chuck\/wp-json\/wp\/v2\/media?parent=884"}],"wp:term":[{"taxonomy":"category","embeddable":true,"href":"https:\/\/www.omiplace.com\/chuck\/wp-json\/wp\/v2\/categories?post=884"},{"taxonomy":"post_tag","embeddable":true,"href":"https:\/\/www.omiplace.com\/chuck\/wp-json\/wp\/v2\/tags?post=884"}],"curies":[{"name":"wp","href":"https:\/\/api.w.org\/{rel}","templated":true}]}}